{"id":15243,"date":"2025-04-08T12:07:03","date_gmt":"2025-04-08T12:07:03","guid":{"rendered":"http:\/\/bamixbe.wwwnl1-tr100.supercp.com\/?p=15243"},"modified":"2025-04-08T12:07:03","modified_gmt":"2025-04-08T12:07:03","slug":"frittata-aux-fines-herbes-et-au-fromage-de-chevre","status":"publish","type":"post","link":"https:\/\/bamix.be\/fr\/frittata-aux-fines-herbes-et-au-fromage-de-chevre\/","title":{"rendered":"Frittata aux fines herbes et au fromage de ch\u00e8vre"},"content":{"rendered":"<section class=\"wpb-content-wrapper\"><p>[vc_row gap=\u00a0\u00bb20&Prime; css=\u00a0\u00bb.vc_custom_1508148137964{margin-top: 50px !important;margin-right: 40px !important;margin-bottom: 50px !important;margin-left: 40px !important;}\u00a0\u00bb][vc_column width=\u00a0\u00bb2\/3&Prime;][vc_column_text]<strong>Dur\u00e9e : 10 min + 15 min de cuisson au four \/ 2 \u00e0 4 personnes<br \/>\n<\/strong><i><span style=\"font-weight: 400;\">COUTEAU \u00c9TOILE &#8211; VERRE DOSEUR (1L)<br \/>\n<\/span><\/i><\/p>\n<p><span style=\"font-weight: 400;\">Pas de P\u00e2ques sans \u0153ufs ! Mais ici, on le revisite en frittata, avec des fines herbes fra\u00eeches et du fromage de ch\u00e8vre. Parfait pour un brunch printanier : plein de saveurs, ultra simple \u00e0 pr\u00e9parer. Mettez tous les ingr\u00e9dients dans le verre doseur, mixez avec le bamix\u00ae et son couteau \u00e9toile\u2026 le four s\u2019occupe du reste. Un plat l\u00e9ger, savoureux, \u00e0 partager \u00e0 P\u00e2ques ou lors d\u2019un dimanche ensoleill\u00e9 !<\/span>[\/vc_column_text][\/vc_column][vc_column width=\u00a0\u00bb1\/3&Prime;][\/vc_column][\/vc_row][vc_row gap=\u00a0\u00bb20&Prime; css=\u00a0\u00bb.vc_custom_1508148137964{margin-top: 50px !important;margin-right: 40px !important;margin-bottom: 50px !important;margin-left: 40px !important;}\u00a0\u00bb][vc_column][vc_row_inner][vc_column_inner width=\u00a0\u00bb1\/2&Prime;][vc_column_text]<\/p>\n<div style=\"background-color: #f2f2f2; font-weight: bold; padding: 20px;\">Ingr\u00e9dients<\/div>\n<p><span style=\"font-weight: 400; color: #e21f21;\"><br \/>\n\u00bb <\/span><span style=\"font-weight: 400;\">6 \u0153ufs bio<\/span><span style=\"font-weight: 400; color: #e21f21;\"><br \/>\n<\/span><span style=\"font-weight: 400; color: #e21f21;\">\u00bb <\/span><span style=\"font-weight: 400;\"><span style=\"font-weight: 400;\">100 g de fromage de ch\u00e8vre frais<\/span><\/span><br \/>\n<span style=\"font-weight: 400; color: #e21f21;\">\u00bb <\/span><span style=\"font-weight: 400;\">50 g de fromage de ch\u00e8vre (p\u00e2te dure)<br \/>\n<span style=\"font-weight: 400; color: #e21f21;\">\u00bb <\/span>3 oignons nouveaux<br \/>\n<span style=\"font-weight: 400; color: #e21f21;\">\u00bb <\/span>1 poign\u00e9e de ciboulette fra\u00eeche<span style=\"font-weight: 400; color: #e21f21;\"><br \/>\n<\/span><span style=\"font-weight: 400; color: #e21f21;\">\u00bb <\/span>1 poign\u00e9e de persil plat frais<br \/>\n<\/span><span style=\"font-weight: 400;\"><span style=\"font-weight: 400; color: #e21f21;\">\u00bb <\/span>1 poign\u00e9e de cresson frais<br \/>\n<\/span><span style=\"font-weight: 400; color: #e21f21;\">\u00bb <\/span><span style=\"font-weight: 400;\">1 cuill\u00e8re \u00e0 soupe d&rsquo;huile d&rsquo;olive<br \/>\n<span style=\"font-weight: 400; color: #e21f21;\">\u00bb <\/span>poivre et sel<\/span><span style=\"font-weight: 400;\"><br \/>\n<\/span>[\/vc_column_text][\/vc_column_inner][vc_column_inner width=\u00a0\u00bb1\/2&Prime;][vc_column_text]<img decoding=\"async\" class=\"alignnone size-large wp-image-15245\" src=\"http:\/\/bamixbe.wwwnl1-tr100.supercp.com\/wp-content\/uploads\/2025\/04\/Frittata-HR-1-683x1024.jpg\" alt=\"\" width=\"683\" height=\"1024\" srcset=\"https:\/\/bamix.be\/wp-content\/uploads\/2025\/04\/Frittata-HR-1-683x1024.jpg 683w, https:\/\/bamix.be\/wp-content\/uploads\/2025\/04\/Frittata-HR-1-200x300.jpg 200w, https:\/\/bamix.be\/wp-content\/uploads\/2025\/04\/Frittata-HR-1-768x1152.jpg 768w, https:\/\/bamix.be\/wp-content\/uploads\/2025\/04\/Frittata-HR-1.jpg 800w\" sizes=\"(max-width: 683px) 100vw, 683px\" \/>[\/vc_column_text][\/vc_column_inner][\/vc_row_inner][\/vc_column][vc_column][\/vc_column][\/vc_row][vc_row full_width=\u00a0\u00bbstretch_row\u00a0\u00bb css=\u00a0\u00bb.vc_custom_1508148797934{margin-top: 50px !important;margin-right: 40px !important;margin-bottom: 50px !important;margin-left: 40px !important;background-color: #f2f2f2 !important;}\u00a0\u00bb][vc_column][vc_row_inner gap=\u00a0\u00bb20&Prime;][vc_column_inner width=\u00a0\u00bb1\/2&Prime;][vc_single_image image=\u00a0\u00bb15247&Prime; img_size=\u00a0\u00bbfull\u00a0\u00bb][\/vc_column_inner][vc_column_inner width=\u00a0\u00bb1\/2&Prime;][vc_column_text]<\/p>\n<div style=\"background-color: #ffffff; font-weight: bold; padding: 20px;\">Pr\u00e9paration<\/div>\n<ol>\n<li>Pr\u00e9chauffez le four \u00e0 200 degr\u00e9s (chaleur tournante). Mettez les fines herbes dans le verre doseur. Ins\u00e9rez le couteau \u00e9toile sur le bamix<span style=\"font-weight: 400;\">\u00ae et hachez finement les herbes. Ajoutez le fromage de ch\u00e8vre \u00e0 p\u00e2te dure et les \u0153ufs, puis m\u00e9langez jusqu&rsquo;\u00e0 obtenir une consistance l\u00e9g\u00e8re et mousseuse. Assaisonnez le m\u00e9lange de sel et de poivre selon votre go\u00fbt.\u00a0<\/span><\/li>\n<li>Graissez un plat allant au four avec un peu d&rsquo;huile d&rsquo;olive. Versez le m\u00e9lange d&rsquo;<span style=\"font-weight: 400;\">\u0153ufs dans le plat. \u00c9talez le fromage de ch\u00e8vre ramolli sur le dessus. Mettez au four pr\u00e9chauff\u00e9 pendant 15 minutes jusqu&rsquo;\u00e0 ce que la frittata soit dor\u00e9e et que le dessus ne soit plus mou.<\/span><\/li>\n<li>Servez imm\u00e9diatement la frittata aux fines herbes et au fromage de ch\u00e8vre ou laissez-la refroidir. Garnissez-la de quelques fines herbes suppl\u00e9mentaires si vous le souhaitez. D\u00e9licieuse avec une salade verte et du pain, selon vos envies.<\/li>\n<\/ol>\n<p>[\/vc_column_text][\/vc_column_inner][\/vc_row_inner][\/vc_column][\/vc_row][vc_row][vc_column][vc_basic_grid post_type=\u00a0\u00bbpost\u00a0\u00bb max_items=\u00a0\u00bb3&Prime; style=\u00a0\u00bbload-more\u00a0\u00bb items_per_page=\u00a0\u00bb3&Prime; item=\u00a0\u00bb388&Prime; initial_loading_animation=\u00a0\u00bbnone\u00a0\u00bb btn_title=\u00a0\u00bbLaad meer\u00a0\u00bb btn_color=\u00a0\u00bbpink\u00a0\u00bb grid_id=\u00a0\u00bbvc_gid:1744112801068-b4055e69-7c74-8&Prime; taxonomies=\u00a0\u00bb13&Prime;][\/vc_column][\/vc_row]<\/p>\n<\/section>","protected":false},"excerpt":{"rendered":"<p>[vc_row gap=\u00a0\u00bb20&Prime; css=\u00a0\u00bb.vc_custom_1508148137964{margin-top: 50px !important;margin-right: 40px !important;margin-bottom: 50px !important;margin-left: 40px !important;}\u00a0\u00bb][vc_column width=\u00a0\u00bb2\/3&Prime;][vc_column_text]Dur\u00e9e : 10 min + 15 min&#8230; <a class=\"excerpt-read-more\" href=\"https:\/\/bamix.be\/fr\/frittata-aux-fines-herbes-et-au-fromage-de-chevre\/\"><span>Continue Reading<\/span><\/a><\/p>\n","protected":false},"author":3,"featured_media":15250,"comment_status":"closed","ping_status":"closed","sticky":false,"template":"","format":"standard","meta":{"_et_pb_use_builder":"","_et_pb_old_content":"","_et_gb_content_width":"","_monsterinsights_skip_tracking":false,"_monsterinsights_sitenote_active":false,"_monsterinsights_sitenote_note":"","_monsterinsights_sitenote_category":0},"categories":[45,40],"tags":[],"yoast_head":"<!-- This site is optimized with the Yoast SEO plugin v19.13 - https:\/\/yoast.com\/wordpress\/plugins\/seo\/ -->\n<title>Frittata aux fines herbes et au fromage de ch\u00e8vre - Bamix<\/title>\n<meta name=\"description\" content=\"- Frittata aux fines herbes et au fromage de ch\u00e8vre\" \/>\n<meta name=\"robots\" content=\"index, follow, max-snippet:-1, max-image-preview:large, max-video-preview:-1\" \/>\n<link rel=\"canonical\" href=\"https:\/\/bamix.be\/fr\/frittata-aux-fines-herbes-et-au-fromage-de-chevre\/\" \/>\n<meta property=\"og:locale\" content=\"fr_FR\" \/>\n<meta property=\"og:type\" content=\"article\" \/>\n<meta property=\"og:title\" content=\"Frittata aux fines herbes et au fromage de ch\u00e8vre - Bamix\" \/>\n<meta property=\"og:description\" content=\"- Frittata aux fines herbes et au fromage de ch\u00e8vre\" \/>\n<meta property=\"og:url\" content=\"https:\/\/bamix.be\/fr\/frittata-aux-fines-herbes-et-au-fromage-de-chevre\/\" \/>\n<meta property=\"og:site_name\" content=\"Bamix\" \/>\n<meta property=\"article:publisher\" content=\"http:\/\/www.facebook.com\/bamixbe\" \/>\n<meta property=\"article:published_time\" content=\"2025-04-08T12:07:03+00:00\" \/>\n<meta property=\"og:image\" content=\"https:\/\/bamix.be\/wp-content\/uploads\/2025\/04\/Frittata-HR-5.jpg\" \/>\n\t<meta property=\"og:image:width\" content=\"1200\" \/>\n\t<meta property=\"og:image:height\" content=\"1200\" \/>\n\t<meta property=\"og:image:type\" content=\"image\/jpeg\" \/>\n<meta name=\"author\" content=\"bodartservicehouse\" \/>\n<meta name=\"twitter:card\" content=\"summary_large_image\" \/>\n<meta name=\"twitter:label1\" content=\"\u00c9crit par\" \/>\n\t<meta name=\"twitter:data1\" content=\"bodartservicehouse\" \/>\n\t<meta name=\"twitter:label2\" content=\"Dur\u00e9e de lecture estim\u00e9e\" \/>\n\t<meta name=\"twitter:data2\" content=\"2 minutes\" \/>\n<script type=\"application\/ld+json\" class=\"yoast-schema-graph\">{\"@context\":\"https:\/\/schema.org\",\"@graph\":[{\"@type\":\"Article\",\"@id\":\"https:\/\/bamix.be\/fr\/frittata-aux-fines-herbes-et-au-fromage-de-chevre\/#article\",\"isPartOf\":{\"@id\":\"https:\/\/bamix.be\/fr\/frittata-aux-fines-herbes-et-au-fromage-de-chevre\/\"},\"author\":{\"name\":\"bodartservicehouse\",\"@id\":\"https:\/\/bamix.be\/#\/schema\/person\/d59032ce1763049fe29699496177cd74\"},\"headline\":\"Frittata aux fines herbes et au fromage de ch\u00e8vre\",\"datePublished\":\"2025-04-08T12:07:03+00:00\",\"dateModified\":\"2025-04-08T12:07:03+00:00\",\"mainEntityOfPage\":{\"@id\":\"https:\/\/bamix.be\/fr\/frittata-aux-fines-herbes-et-au-fromage-de-chevre\/\"},\"wordCount\":512,\"publisher\":{\"@id\":\"https:\/\/bamix.be\/#organization\"},\"articleSection\":[\"Petit d\u00e9jeuner\",\"Plat principale\"],\"inLanguage\":\"fr-FR\"},{\"@type\":\"WebPage\",\"@id\":\"https:\/\/bamix.be\/fr\/frittata-aux-fines-herbes-et-au-fromage-de-chevre\/\",\"url\":\"https:\/\/bamix.be\/fr\/frittata-aux-fines-herbes-et-au-fromage-de-chevre\/\",\"name\":\"Frittata aux fines herbes et au fromage de ch\u00e8vre - Bamix\",\"isPartOf\":{\"@id\":\"https:\/\/bamix.be\/#website\"},\"datePublished\":\"2025-04-08T12:07:03+00:00\",\"dateModified\":\"2025-04-08T12:07:03+00:00\",\"description\":\"- Frittata aux fines herbes et au fromage de ch\u00e8vre\",\"breadcrumb\":{\"@id\":\"https:\/\/bamix.be\/fr\/frittata-aux-fines-herbes-et-au-fromage-de-chevre\/#breadcrumb\"},\"inLanguage\":\"fr-FR\",\"potentialAction\":[{\"@type\":\"ReadAction\",\"target\":[\"https:\/\/bamix.be\/fr\/frittata-aux-fines-herbes-et-au-fromage-de-chevre\/\"]}]},{\"@type\":\"BreadcrumbList\",\"@id\":\"https:\/\/bamix.be\/fr\/frittata-aux-fines-herbes-et-au-fromage-de-chevre\/#breadcrumb\",\"itemListElement\":[{\"@type\":\"ListItem\",\"position\":1,\"name\":\"Home\",\"item\":\"https:\/\/bamix.be\/fr\/\"},{\"@type\":\"ListItem\",\"position\":2,\"name\":\"Frittata aux fines herbes et au fromage de ch\u00e8vre\"}]},{\"@type\":\"WebSite\",\"@id\":\"https:\/\/bamix.be\/#website\",\"url\":\"https:\/\/bamix.be\/\",\"name\":\"Bamix\",\"description\":\"Laat je inspireren door de mogelijkheden van dit compacte keukenapparaat.\",\"publisher\":{\"@id\":\"https:\/\/bamix.be\/#organization\"},\"potentialAction\":[{\"@type\":\"SearchAction\",\"target\":{\"@type\":\"EntryPoint\",\"urlTemplate\":\"https:\/\/bamix.be\/?s={search_term_string}\"},\"query-input\":\"required name=search_term_string\"}],\"inLanguage\":\"fr-FR\"},{\"@type\":\"Organization\",\"@id\":\"https:\/\/bamix.be\/#organization\",\"name\":\"Bamix Belgium\",\"url\":\"https:\/\/bamix.be\/\",\"logo\":{\"@type\":\"ImageObject\",\"inLanguage\":\"fr-FR\",\"@id\":\"https:\/\/bamix.be\/#\/schema\/logo\/image\/\",\"url\":\"http:\/\/bamixbe.wwwnl1-tr100.supercp.com\/wp-content\/uploads\/2017\/10\/Logo_Nav_01.png\",\"contentUrl\":\"http:\/\/bamixbe.wwwnl1-tr100.supercp.com\/wp-content\/uploads\/2017\/10\/Logo_Nav_01.png\",\"width\":100,\"height\":48,\"caption\":\"Bamix Belgium\"},\"image\":{\"@id\":\"https:\/\/bamix.be\/#\/schema\/logo\/image\/\"},\"sameAs\":[\"https:\/\/www.instagram.com\/bamixbe\",\"http:\/\/www.facebook.com\/bamixbe\"]},{\"@type\":\"Person\",\"@id\":\"https:\/\/bamix.be\/#\/schema\/person\/d59032ce1763049fe29699496177cd74\",\"name\":\"bodartservicehouse\",\"image\":{\"@type\":\"ImageObject\",\"inLanguage\":\"fr-FR\",\"@id\":\"https:\/\/bamix.be\/#\/schema\/person\/image\/\",\"url\":\"https:\/\/secure.gravatar.com\/avatar\/2bec05ab56cfee3c8fc272da0a9a82f2?s=96&d=mm&r=g\",\"contentUrl\":\"https:\/\/secure.gravatar.com\/avatar\/2bec05ab56cfee3c8fc272da0a9a82f2?s=96&d=mm&r=g\",\"caption\":\"bodartservicehouse\"},\"url\":\"https:\/\/bamix.be\/fr\/author\/bodartservicehouse\/\"}]}<\/script>\n<!-- \/ Yoast SEO plugin. -->","yoast_head_json":{"title":"Frittata aux fines herbes et au fromage de ch\u00e8vre - Bamix","description":"- Frittata aux fines herbes et au fromage de ch\u00e8vre","robots":{"index":"index","follow":"follow","max-snippet":"max-snippet:-1","max-image-preview":"max-image-preview:large","max-video-preview":"max-video-preview:-1"},"canonical":"https:\/\/bamix.be\/fr\/frittata-aux-fines-herbes-et-au-fromage-de-chevre\/","og_locale":"fr_FR","og_type":"article","og_title":"Frittata aux fines herbes et au fromage de ch\u00e8vre - Bamix","og_description":"- Frittata aux fines herbes et au fromage de ch\u00e8vre","og_url":"https:\/\/bamix.be\/fr\/frittata-aux-fines-herbes-et-au-fromage-de-chevre\/","og_site_name":"Bamix","article_publisher":"http:\/\/www.facebook.com\/bamixbe","article_published_time":"2025-04-08T12:07:03+00:00","og_image":[{"width":1200,"height":1200,"url":"https:\/\/bamix.be\/wp-content\/uploads\/2025\/04\/Frittata-HR-5.jpg","type":"image\/jpeg"}],"author":"bodartservicehouse","twitter_card":"summary_large_image","twitter_misc":{"\u00c9crit par":"bodartservicehouse","Dur\u00e9e de lecture estim\u00e9e":"2 minutes"},"schema":{"@context":"https:\/\/schema.org","@graph":[{"@type":"Article","@id":"https:\/\/bamix.be\/fr\/frittata-aux-fines-herbes-et-au-fromage-de-chevre\/#article","isPartOf":{"@id":"https:\/\/bamix.be\/fr\/frittata-aux-fines-herbes-et-au-fromage-de-chevre\/"},"author":{"name":"bodartservicehouse","@id":"https:\/\/bamix.be\/#\/schema\/person\/d59032ce1763049fe29699496177cd74"},"headline":"Frittata aux fines herbes et au fromage de ch\u00e8vre","datePublished":"2025-04-08T12:07:03+00:00","dateModified":"2025-04-08T12:07:03+00:00","mainEntityOfPage":{"@id":"https:\/\/bamix.be\/fr\/frittata-aux-fines-herbes-et-au-fromage-de-chevre\/"},"wordCount":512,"publisher":{"@id":"https:\/\/bamix.be\/#organization"},"articleSection":["Petit d\u00e9jeuner","Plat principale"],"inLanguage":"fr-FR"},{"@type":"WebPage","@id":"https:\/\/bamix.be\/fr\/frittata-aux-fines-herbes-et-au-fromage-de-chevre\/","url":"https:\/\/bamix.be\/fr\/frittata-aux-fines-herbes-et-au-fromage-de-chevre\/","name":"Frittata aux fines herbes et au fromage de ch\u00e8vre - Bamix","isPartOf":{"@id":"https:\/\/bamix.be\/#website"},"datePublished":"2025-04-08T12:07:03+00:00","dateModified":"2025-04-08T12:07:03+00:00","description":"- Frittata aux fines herbes et au fromage de ch\u00e8vre","breadcrumb":{"@id":"https:\/\/bamix.be\/fr\/frittata-aux-fines-herbes-et-au-fromage-de-chevre\/#breadcrumb"},"inLanguage":"fr-FR","potentialAction":[{"@type":"ReadAction","target":["https:\/\/bamix.be\/fr\/frittata-aux-fines-herbes-et-au-fromage-de-chevre\/"]}]},{"@type":"BreadcrumbList","@id":"https:\/\/bamix.be\/fr\/frittata-aux-fines-herbes-et-au-fromage-de-chevre\/#breadcrumb","itemListElement":[{"@type":"ListItem","position":1,"name":"Home","item":"https:\/\/bamix.be\/fr\/"},{"@type":"ListItem","position":2,"name":"Frittata aux fines herbes et au fromage de ch\u00e8vre"}]},{"@type":"WebSite","@id":"https:\/\/bamix.be\/#website","url":"https:\/\/bamix.be\/","name":"Bamix","description":"Laat je inspireren door de mogelijkheden van dit compacte keukenapparaat.","publisher":{"@id":"https:\/\/bamix.be\/#organization"},"potentialAction":[{"@type":"SearchAction","target":{"@type":"EntryPoint","urlTemplate":"https:\/\/bamix.be\/?s={search_term_string}"},"query-input":"required name=search_term_string"}],"inLanguage":"fr-FR"},{"@type":"Organization","@id":"https:\/\/bamix.be\/#organization","name":"Bamix Belgium","url":"https:\/\/bamix.be\/","logo":{"@type":"ImageObject","inLanguage":"fr-FR","@id":"https:\/\/bamix.be\/#\/schema\/logo\/image\/","url":"http:\/\/bamixbe.wwwnl1-tr100.supercp.com\/wp-content\/uploads\/2017\/10\/Logo_Nav_01.png","contentUrl":"http:\/\/bamixbe.wwwnl1-tr100.supercp.com\/wp-content\/uploads\/2017\/10\/Logo_Nav_01.png","width":100,"height":48,"caption":"Bamix Belgium"},"image":{"@id":"https:\/\/bamix.be\/#\/schema\/logo\/image\/"},"sameAs":["https:\/\/www.instagram.com\/bamixbe","http:\/\/www.facebook.com\/bamixbe"]},{"@type":"Person","@id":"https:\/\/bamix.be\/#\/schema\/person\/d59032ce1763049fe29699496177cd74","name":"bodartservicehouse","image":{"@type":"ImageObject","inLanguage":"fr-FR","@id":"https:\/\/bamix.be\/#\/schema\/person\/image\/","url":"https:\/\/secure.gravatar.com\/avatar\/2bec05ab56cfee3c8fc272da0a9a82f2?s=96&d=mm&r=g","contentUrl":"https:\/\/secure.gravatar.com\/avatar\/2bec05ab56cfee3c8fc272da0a9a82f2?s=96&d=mm&r=g","caption":"bodartservicehouse"},"url":"https:\/\/bamix.be\/fr\/author\/bodartservicehouse\/"}]}},"_links":{"self":[{"href":"https:\/\/bamix.be\/fr\/wp-json\/wp\/v2\/posts\/15243"}],"collection":[{"href":"https:\/\/bamix.be\/fr\/wp-json\/wp\/v2\/posts"}],"about":[{"href":"https:\/\/bamix.be\/fr\/wp-json\/wp\/v2\/types\/post"}],"author":[{"embeddable":true,"href":"https:\/\/bamix.be\/fr\/wp-json\/wp\/v2\/users\/3"}],"replies":[{"embeddable":true,"href":"https:\/\/bamix.be\/fr\/wp-json\/wp\/v2\/comments?post=15243"}],"version-history":[{"count":1,"href":"https:\/\/bamix.be\/fr\/wp-json\/wp\/v2\/posts\/15243\/revisions"}],"predecessor-version":[{"id":15256,"href":"https:\/\/bamix.be\/fr\/wp-json\/wp\/v2\/posts\/15243\/revisions\/15256"}],"wp:featuredmedia":[{"embeddable":true,"href":"https:\/\/bamix.be\/fr\/wp-json\/wp\/v2\/media\/15250"}],"wp:attachment":[{"href":"https:\/\/bamix.be\/fr\/wp-json\/wp\/v2\/media?parent=15243"}],"wp:term":[{"taxonomy":"category","embeddable":true,"href":"https:\/\/bamix.be\/fr\/wp-json\/wp\/v2\/categories?post=15243"},{"taxonomy":"post_tag","embeddable":true,"href":"https:\/\/bamix.be\/fr\/wp-json\/wp\/v2\/tags?post=15243"}],"curies":[{"name":"wp","href":"https:\/\/api.w.org\/{rel}","templated":true}]}}